{"id":147,"date":"2021-05-06T08:20:45","date_gmt":"2021-05-06T06:20:45","guid":{"rendered":"https:\/\/sedetiam-conseil.fr\/?p=147"},"modified":"2022-07-09T22:25:55","modified_gmt":"2022-07-09T20:25:55","slug":"sedetiam-conseil-et-steer-accompagnent-les-ars-grand-est-et-auvergne-rhone-alpes-pour-soutenir-le-deploiement-des-plateformes-de-coordination-et-dorientation-sur-les-troubles-du-neuro-developpemen","status":"publish","type":"post","link":"https:\/\/sedetiam-conseil.fr\/index.php\/2021\/05\/06\/sedetiam-conseil-et-steer-accompagnent-les-ars-grand-est-et-auvergne-rhone-alpes-pour-soutenir-le-deploiement-des-plateformes-de-coordination-et-dorientation-sur-les-troubles-du-neuro-developpemen\/","title":{"rendered":"Sedetiam Conseil et STE(E)R accompagnent les ARS Grand Est, Auvergne-Rh\u00f4ne-Alpes et Bourgogne-Franche-Comt\u00e9 pour soutenir le d\u00e9ploiement des plateformes de coordination et d&#8217;orientation sur les troubles du neuro-d\u00e9veloppement pour les enfants de moins de 6 ans"},"content":{"rendered":"\n<p>Les PCO TND sont des plateformes port\u00e9es par un \u00e9tablissement ou un service sanitaire ou m\u00e9dico-social. Elles coordonnent un ensemble de structures et de professionnels lib\u00e9raux participant au diagnostic et \u00e0 la prise en charge pr\u00e9coce des troubles du neurod\u00e9veloppement. Elles s&#8217;inscrivent dans le cadre du parcours de bilan et d\u2019intervention pr\u00e9coce pour des enfants de 0 \u00e0 6 ans avec suspicion de TND, mis en place dans le cadre de la Strat\u00e9gie pour l&#8217;autisme au sein des troubles du neuro-d\u00e9veloppement.<\/p>\n<p>Elles permettent d&#8217;acc\u00e9l\u00e9rer l\u2019acc\u00e8s \u00e0 un diagnostic, favoriser des interventions pr\u00e9coces sans attendre, et ainsi r\u00e9pondre aux probl\u00e8mes d\u2019errance diagnostique et r\u00e9duire les sur-handicaps, conform\u00e9ment aux recommandations de bonnes pratiques de la Haute Autorit\u00e9 de Sant\u00e9.<\/p>\n<p><img decoding=\"async\" loading=\"lazy\" class=\"wp-image-149 aligncenter\" src=\"http:\/\/sedetiam-conseil.fr\/wp-content\/uploads\/2021\/04\/PCO.jpg\" alt=\"\" width=\"803\" height=\"494\" srcset=\"https:\/\/sedetiam-conseil.fr\/wp-content\/uploads\/2021\/04\/PCO.jpg 1362w, https:\/\/sedetiam-conseil.fr\/wp-content\/uploads\/2021\/04\/PCO-300x185.jpg 300w, https:\/\/sedetiam-conseil.fr\/wp-content\/uploads\/2021\/04\/PCO-1024x630.jpg 1024w, https:\/\/sedetiam-conseil.fr\/wp-content\/uploads\/2021\/04\/PCO-768x473.jpg 768w\" sizes=\"(max-width: 767px) 89vw, (max-width: 1000px) 54vw, (max-width: 1071px) 543px, 580px\" \/><\/p>\n<p>Elles constituent une avanc\u00e9e importante pour les familles d&#8217;enfants avec suspicion de troubles du neuro-d\u00e9veloppement, avec notamment :<\/p>\n<ul>\n<li>la coordination par une structure sp\u00e9cialis\u00e9e du parcours, rompant l&#8217;isolement des familles confront\u00e9es \u00e0 un \u00e9cart de d\u00e9veloppement de leur enfant,<\/li>\n<li>la mise en place d&#8217;un &#8220;forfait pr\u00e9coce&#8221; qui finance les interventions des ergoth\u00e9rapeutes, psychomotricien(ne)s et psychologues, qui restaient auparavant \u00e0 la charge des familles.\u00a0<\/li>\n<\/ul>\n<p><img decoding=\"async\" loading=\"lazy\" class=\"size-full wp-image-150 aligncenter\" src=\"http:\/\/sedetiam-conseil.fr\/wp-content\/uploads\/2021\/04\/forfait.jpg\" alt=\"\" width=\"453\" height=\"328\" srcset=\"https:\/\/sedetiam-conseil.fr\/wp-content\/uploads\/2021\/04\/forfait.jpg 453w, https:\/\/sedetiam-conseil.fr\/wp-content\/uploads\/2021\/04\/forfait-300x217.jpg 300w\" sizes=\"(max-width: 453px) 100vw, 453px\" \/><\/p>\n<p><strong>Ces trois Agences r\u00e9gionales de sant\u00e9 nous ont confi\u00e9 une mission d&#8217;accompagnement du d\u00e9ploiement des PCO TND sur l&#8217;ensemble des d\u00e9partements de la r\u00e9gion Grand Est.<\/strong> Nous les appuyons par la proposition d&#8217;outils structurants (convention constitutive), l&#8217;appui au pilotage r\u00e9gional des PCO en partenariat avec l&#8217;Assurance maladie, la facilitation de la communication en direction des acteurs des trois Lignes (rep\u00e9rage, diagnostic et prise en charge, appui expert), l&#8217;animation territoriale pour que le maximum de partenaires rejoignent la dynamique de la plateforme.<\/p>\n<p><strong>En savoir plus sur les PCO TND<\/strong> :<\/p>\n<p>https:\/\/www.auvergne-rhone-alpes.ars.sante.fr\/troubles-du-neuro-developpement-lintervention-precoce-sorganise-en-auvergne-rhone-alpes\u00a0<\/p>\n<p>https:\/\/www.grand-est.ars.sante.fr\/plateforme-de-coordination-et-dorientation-pco-en-faveur-des-troubles-du-neuro-developpement-tnd<\/p>\n","protected":false},"excerpt":{"rendered":"<p>Les PCO TND sont des plateformes port\u00e9es par un \u00e9tablissement ou un service sanitaire ou m\u00e9dico-social. Elles coordonnent un ensemble de structures et de professionnels lib\u00e9raux participant au diagnostic et \u00e0 la prise en charge pr\u00e9coce des troubles du neurod\u00e9veloppement. Elles s&#8217;inscrivent dans le cadre du parcours de bilan et d\u2019intervention pr\u00e9coce pour des enfants &hellip; <\/p>\n<p class=\"link-more\"><a href=\"https:\/\/sedetiam-conseil.fr\/index.php\/2021\/05\/06\/sedetiam-conseil-et-steer-accompagnent-les-ars-grand-est-et-auvergne-rhone-alpes-pour-soutenir-le-deploiement-des-plateformes-de-coordination-et-dorientation-sur-les-troubles-du-neuro-developpemen\/\" class=\"more-link\">Continue reading<span class=\"screen-reader-text\"> &#8220;Sedetiam Conseil et STE(E)R accompagnent les ARS Grand Est, Auvergne-Rh\u00f4ne-Alpes et Bourgogne-Franche-Comt\u00e9 pour soutenir le d\u00e9ploiement des plateformes de coordination et d&#8217;orientation sur les troubles du neuro-d\u00e9veloppement pour les enfants de moins de 6 ans&#8221;<\/span><\/a><\/p>\n","protected":false},"author":1,"featured_media":0,"comment_status":"open","ping_status":"open","sticky":false,"template":"","format":"standard","meta":[],"categories":[1],"tags":[],"_links":{"self":[{"href":"https:\/\/sedetiam-conseil.fr\/index.php\/wp-json\/wp\/v2\/posts\/147"}],"collection":[{"href":"https:\/\/sedetiam-conseil.fr\/index.php\/wp-json\/wp\/v2\/posts"}],"about":[{"href":"https:\/\/sedetiam-conseil.fr\/index.php\/wp-json\/wp\/v2\/types\/post"}],"author":[{"embeddable":true,"href":"https:\/\/sedetiam-conseil.fr\/index.php\/wp-json\/wp\/v2\/users\/1"}],"replies":[{"embeddable":true,"href":"https:\/\/sedetiam-conseil.fr\/index.php\/wp-json\/wp\/v2\/comments?post=147"}],"version-history":[{"count":5,"href":"https:\/\/sedetiam-conseil.fr\/index.php\/wp-json\/wp\/v2\/posts\/147\/revisions"}],"predecessor-version":[{"id":160,"href":"https:\/\/sedetiam-conseil.fr\/index.php\/wp-json\/wp\/v2\/posts\/147\/revisions\/160"}],"wp:attachment":[{"href":"https:\/\/sedetiam-conseil.fr\/index.php\/wp-json\/wp\/v2\/media?parent=147"}],"wp:term":[{"taxonomy":"category","embeddable":true,"href":"https:\/\/sedetiam-conseil.fr\/index.php\/wp-json\/wp\/v2\/categories?post=147"},{"taxonomy":"post_tag","embeddable":true,"href":"https:\/\/sedetiam-conseil.fr\/index.php\/wp-json\/wp\/v2\/tags?post=147"}],"curies":[{"name":"wp","href":"https:\/\/api.w.org\/{rel}","templated":true}]}}